{"id":4139,"date":"2019-11-22T12:00:43","date_gmt":"2019-11-22T11:00:43","guid":{"rendered":"https:\/\/www.cobe.fr\/?p=4139"},"modified":"2022-07-10T21:16:26","modified_gmt":"2022-07-10T19:16:26","slug":"cobe-laureat-de-la-consultation-zac-du-quartier-de-la-mairie-de-la-courneuve","status":"publish","type":"post","link":"https:\/\/cobe.fr\/pt\/cobe-laureat-de-la-consultation-zac-du-quartier-de-la-mairie-de-la-courneuve\/","title":{"rendered":"Zac do Bairro da C\u00e2mara de La Courneuve (93)"},"content":{"rendered":"<p class=\"has-medium-font-size\">A CoBe foi selecionada para dar entrada do projeto do Bairro da C\u00e2mara em fase operacional.<br><br><\/p>\n\n\n\n<figure class=\"wp-block-image alignwide size-large\"><img loading=\"lazy\" decoding=\"async\" width=\"1024\" height=\"532\" src=\"https:\/\/cobe.fr\/wp-content\/uploads\/2022\/07\/CoBe-mairie-la-courneuve-1024x532.jpg\" alt=\"Modelo ZAC de a Courneuve, CoBe\" class=\"wp-image-7548\" srcset=\"https:\/\/cobe.fr\/wp-content\/uploads\/2022\/07\/CoBe-mairie-la-courneuve-1024x532.jpg 1024w, https:\/\/cobe.fr\/wp-content\/uploads\/2022\/07\/CoBe-mairie-la-courneuve-300x156.jpg 300w, https:\/\/cobe.fr\/wp-content\/uploads\/2022\/07\/CoBe-mairie-la-courneuve-768x399.jpg 768w, https:\/\/cobe.fr\/wp-content\/uploads\/2022\/07\/CoBe-mairie-la-courneuve-18x9.jpg 18w, https:\/\/cobe.fr\/wp-content\/uploads\/2022\/07\/CoBe-mairie-la-courneuve.jpg 1100w\" sizes=\"auto, (max-width: 1024px) 100vw, 1024px\" \/><\/figure>\n\n\n\n<p class=\"has-medium-font-size\">A CoBe \u00e9 mandat\u00e1ria do grupo de projetistas urbanos para a realiza\u00e7\u00e3o da Zac do Bairro da C\u00e2mara de La Courneuve.<\/p>\n\n\n\n<p>A CoBe foi selecionada para dar entrada do projeto do bairro da c\u00e2mara, em fase operacional. A liberta\u00e7\u00e3o do dom\u00ednio de 5ha ocupados pela empresa KDI, abre a oportunidade de criar um verdadeiro centro de cidade para La Courneuve, respeitando o tecido urbano existente. Este vai acolher no futuro cerca de 1.000 alojamentos adicionais, um complexo escolar e espa\u00e7os p\u00fablicos generosos que ir\u00e3o estabelecer uma liga\u00e7\u00e3o com os bairros vizinhos. O local de KDI ser\u00e1 um dos 30 s\u00edtios piloto para aplicar a abordagem do \"metabolismo urbano\", conduzida pela Plaine Commune, com o objetivo de desenvolver a economia circular na implementa\u00e7\u00e3o do projeto.<\/p>\n\n\n\n<hr class=\"wp-block-separator has-text-color has-palette-color-5-color has-alpha-channel-opacity has-palette-color-5-background-color has-background\"\/>\n\n\n\n<p><strong>Dono do projecto<\/strong> Desenvolvimento da Comuna da Plan\u00edcie <strong>Equipa<\/strong> CoBe Urbaniste mandataire, Architecte, Paysagiste | EPDC, Bureau d'\u00e9tude VRD | IETI, AMO environnementale | <strong>Fase<\/strong> Em curso<\/p>","protected":false},"excerpt":{"rendered":"<p>A CPAU em breve estar\u00e1 pronta<\/p>","protected":false},"author":2,"featured_media":7548,"comment_status":"closed","ping_status":"open","sticky":false,"template":"","format":"standard","meta":{"_seopress_robots_primary_cat":"","_seopress_titles_title":"Mission de maitrise d&#039;oeuvre urbaine de la zac","_seopress_titles_desc":"CoBe laur\u00e9at de la consultation - Zac du Quartier de la Mairie de la Courneuve","_seopress_robots_index":"","_vp_format_video_url":"","_vp_image_focal_point":[],"footnotes":""},"categories":[4],"tags":[],"class_list":["post-4139","post","type-post","status-publish","format-standard","has-post-thumbnail","hentry","category-news"],"blocksy_meta":{"styles_descriptor":{"styles":{"desktop":"","tablet":"","mobile":""},"google_fonts":[],"version":6}},"featured_image_src":"https:\/\/cobe.fr\/wp-content\/uploads\/2022\/07\/CoBe-mairie-la-courneuve.jpg","featured_image_src_square":"https:\/\/cobe.fr\/wp-content\/uploads\/2022\/07\/CoBe-mairie-la-courneuve.jpg","author_info":{"display_name":"Victorien Diaz","author_link":"https:\/\/cobe.fr\/pt\/author\/victorien\/"},"rbea_author_info":{"display_name":"Victorien Diaz","author_link":"https:\/\/cobe.fr\/pt\/author\/victorien\/"},"rbea_excerpt_info":"Le CPAU bient\u00f4t pr\u00eat","category_list":"<a href=\"https:\/\/cobe.fr\/pt\/news\/\" rel=\"category tag\">News<\/a>","comments_num":"0 comments","_links":{"self":[{"href":"https:\/\/cobe.fr\/pt\/wp-json\/wp\/v2\/posts\/4139","targetHints":{"allow":["GET"]}}],"collection":[{"href":"https:\/\/cobe.fr\/pt\/wp-json\/wp\/v2\/posts"}],"about":[{"href":"https:\/\/cobe.fr\/pt\/wp-json\/wp\/v2\/types\/post"}],"author":[{"embeddable":true,"href":"https:\/\/cobe.fr\/pt\/wp-json\/wp\/v2\/users\/2"}],"replies":[{"embeddable":true,"href":"https:\/\/cobe.fr\/pt\/wp-json\/wp\/v2\/comments?post=4139"}],"version-history":[{"count":0,"href":"https:\/\/cobe.fr\/pt\/wp-json\/wp\/v2\/posts\/4139\/revisions"}],"wp:featuredmedia":[{"embeddable":true,"href":"https:\/\/cobe.fr\/pt\/wp-json\/wp\/v2\/media\/7548"}],"wp:attachment":[{"href":"https:\/\/cobe.fr\/pt\/wp-json\/wp\/v2\/media?parent=4139"}],"wp:term":[{"taxonomy":"category","embeddable":true,"href":"https:\/\/cobe.fr\/pt\/wp-json\/wp\/v2\/categories?post=4139"},{"taxonomy":"post_tag","embeddable":true,"href":"https:\/\/cobe.fr\/pt\/wp-json\/wp\/v2\/tags?post=4139"}],"curies":[{"name":"wp","href":"https:\/\/api.w.org\/{rel}","templated":true}]}}