{"id":4130,"date":"2019-11-22T12:00:33","date_gmt":"2019-11-22T11:00:33","guid":{"rendered":"https:\/\/www.cobe.fr\/?p=4130"},"modified":"2022-07-10T21:21:04","modified_gmt":"2022-07-10T19:21:04","slug":"urbaniste-de-la-zac-sud-chanteraines-gennevilliers-92","status":"publish","type":"post","link":"https:\/\/cobe.fr\/pt\/urbaniste-de-la-zac-sud-chanteraines-gennevilliers-92\/","title":{"rendered":"Zac Sul Chanteraines - Gennevilliers (92)"},"content":{"rendered":"<div class=\"n2-section-smartslider fitvidsignore  n2_clear\" data-ssid=\"8\" tabindex=\"0\" role=\"region\" aria-label=\"Deslizador\"><div id=\"n2-ss-8-align\" class=\"n2-ss-align\"><div class=\"n2-padding\"><div id=\"n2-ss-8\" data-creator=\"Smart Slider 3\" data-responsive=\"auto\" class=\"n2-ss-slider n2-ow n2-has-hover n2notransition\"><div class=\"n2-ss-slider-wrapper-inside\">\n        <div class=\"n2-ss-slider-1 n2_ss__touch_element n2-ow\">\n            <div class=\"n2-ss-slider-2 n2-ow\">\n                                                <div class=\"n2-ss-slider-3 n2-ow\">\n\n                    <div class=\"n2-ss-slide-backgrounds n2-ow-all\"><div class=\"n2-ss-slide-background\" data-public-id=\"1\" data-mode=\"fill\"><div class=\"n2-ss-slide-background-image\" data-blur=\"0\" data-opacity=\"100\" data-x=\"50\" data-y=\"50\" data-alt=\"\" data-title=\"\"><picture class=\"skip-lazy\" data-skip-lazy=\"1\"><img decoding=\"async\" src=\"\/\/cobe.fr\/wp-content\/uploads\/slider8\/cobe-chanteraines-gennevilliers.jpg\" alt=\"Zac Sud Chanteraines em Gennevilliers\" title=\"\" loading=\"lazy\" class=\"skip-lazy\" data-skip-lazy=\"1\"><\/picture><\/div><div data-color=\"RGBA(255,255,255,0)\" style=\"background-color: RGBA(255,255,255,0);\" class=\"n2-ss-slide-background-color\"><\/div><\/div><div class=\"n2-ss-slide-background\" data-public-id=\"2\" data-mode=\"fill\" aria-hidden=\"true\"><div class=\"n2-ss-slide-background-image\" data-blur=\"0\" data-opacity=\"100\" data-x=\"50\" data-y=\"50\" data-alt=\"\" data-title=\"\"><picture class=\"skip-lazy\" data-skip-lazy=\"1\"><img decoding=\"async\" src=\"\/\/cobe.fr\/wp-content\/uploads\/slider8\/cobe-chanteraines-gennevilliers.jpg\" alt=\"Zac Sud Chanteraines em Gennevilliers\" title=\"\" loading=\"lazy\" class=\"skip-lazy\" data-skip-lazy=\"1\"><\/picture><\/div><div data-color=\"RGBA(255,255,255,0)\" style=\"background-color: RGBA(255,255,255,0);\" class=\"n2-ss-slide-background-color\"><\/div><\/div><\/div>                    <div class=\"n2-ss-slider-4 n2-ow\">\n                        <svg xmlns=\"http:\/\/www.w3.org\/2000\/svg\" viewbox=\"0 0 1000 500\" data-related-device=\"desktopPortrait\" class=\"n2-ow n2-ss-preserve-size n2-ss-preserve-size--slider n2-ss-slide-limiter\"><\/svg><div data-first=\"1\" data-slide-duration=\"0\" data-id=\"44\" data-slide-public-id=\"1\" data-title=\"CoBe-Chanteraines-gennevilliers\" class=\"n2-ss-slide n2-ow  n2-ss-slide-44\"><div role=\"note\" class=\"n2-ss-slide--focus\" tabindex=\"-1\">CoBe-Chanteraines-gennevilliers<\/div><div class=\"n2-ss-layers-container n2-ss-slide-limiter n2-ow\"><div class=\"n2-ss-layer n2-ow n-uc-M8snhK5D2xhZ\" data-sstype=\"slide\" data-pm=\"default\"><\/div><\/div><\/div><div data-slide-duration=\"0\" data-id=\"44\" data-slide-public-id=\"2\" aria-hidden=\"true\" data-title=\"CoBe-Chanteraines-gennevilliers\" class=\"n2-ss-slide n2-ow  n2-ss-slide-44\"><div role=\"note\" class=\"n2-ss-slide--focus\" tabindex=\"-1\">CoBe-Chanteraines-gennevilliers<\/div><div class=\"n2-ss-layers-container n2-ss-slide-limiter n2-ow\"><div class=\"n2-ss-layer n2-ow n-uc-sdjnWycnvNKg\" data-sstype=\"slide\" data-pm=\"default\"><\/div><\/div><\/div>                    <\/div>\n\n                                    <\/div>\n            <\/div>\n        <\/div>\n        <div class=\"n2-ss-slider-controls n2-ss-slider-controls-absolute-left-center\"><div style=\"--widget-offset:15px;\" class=\"n2-ss-widget nextend-arrow n2-ow-all nextend-arrow-previous  nextend-arrow-animated-fade\" id=\"n2-ss-8-arrow-previous\" role=\"button\" aria-label=\"seta anterior\" tabindex=\"0\"><img loading=\"lazy\" decoding=\"async\" width=\"32\" height=\"32\" class=\"skip-lazy\" data-skip-lazy=\"1\" src=\"data:image\/svg+xml;base64,PHN2ZyB3aWR0aD0iMzIiIGhlaWdodD0iMzIiIHZpZXdCb3g9IjAgMCAzMiAzMiIgeG1sbnM9Imh0dHA6Ly93d3cudzMub3JnLzIwMDAvc3ZnIj4KICAgIDxwYXRoIGQ9Ik0xMS40MzMgMTUuOTkyTDIyLjY5IDUuNzEyYy4zOTMtLjM5LjM5My0xLjAzIDAtMS40Mi0uMzkzLS4zOS0xLjAzLS4zOS0xLjQyMyAwbC0xMS45OCAxMC45NGMtLjIxLjIxLS4zLjQ5LS4yODUuNzYtLjAxNS4yOC4wNzUuNTYuMjg0Ljc3bDExLjk4IDEwLjk0Yy4zOTMuMzkgMS4wMy4zOSAxLjQyNCAwIC4zOTMtLjQuMzkzLTEuMDMgMC0xLjQybC0xMS4yNTctMTAuMjkiCiAgICAgICAgICBmaWxsPSIjZmZmZmZmIiBvcGFjaXR5PSIwLjgiIGZpbGwtcnVsZT0iZXZlbm9kZCIvPgo8L3N2Zz4=\" alt=\"seta anterior\"><\/div><\/div><div class=\"n2-ss-slider-controls n2-ss-slider-controls-absolute-right-center\"><div style=\"--widget-offset:15px;\" class=\"n2-ss-widget nextend-arrow n2-ow-all nextend-arrow-next  nextend-arrow-animated-fade\" id=\"n2-ss-8-arrow-next\" role=\"button\" aria-label=\"pr\u00f3xima seta\" tabindex=\"0\"><img loading=\"lazy\" decoding=\"async\" width=\"32\" height=\"32\" class=\"skip-lazy\" data-skip-lazy=\"1\" src=\"data:image\/svg+xml;base64,PHN2ZyB3aWR0aD0iMzIiIGhlaWdodD0iMzIiIHZpZXdCb3g9IjAgMCAzMiAzMiIgeG1sbnM9Imh0dHA6Ly93d3cudzMub3JnLzIwMDAvc3ZnIj4KICAgIDxwYXRoIGQ9Ik0xMC43MjIgNC4yOTNjLS4zOTQtLjM5LTEuMDMyLS4zOS0xLjQyNyAwLS4zOTMuMzktLjM5MyAxLjAzIDAgMS40MmwxMS4yODMgMTAuMjgtMTEuMjgzIDEwLjI5Yy0uMzkzLjM5LS4zOTMgMS4wMiAwIDEuNDIuMzk1LjM5IDEuMDMzLjM5IDEuNDI3IDBsMTIuMDA3LTEwLjk0Yy4yMS0uMjEuMy0uNDkuMjg0LS43Ny4wMTQtLjI3LS4wNzYtLjU1LS4yODYtLjc2TDEwLjcyIDQuMjkzeiIKICAgICAgICAgIGZpbGw9IiNmZmZmZmYiIG9wYWNpdHk9IjAuOCIgZmlsbC1ydWxlPSJldmVub2RkIi8+Cjwvc3ZnPg==\" alt=\"pr\u00f3xima seta\"><\/div><\/div><\/div><\/div><ss3-loader><\/ss3-loader><\/div><\/div><div class=\"n2_clear\"><\/div><\/div>\n\n\n<h2 class=\"has-medium-font-size wp-block-heading\"><strong>De um territ\u00f3rio servente para a cidade mista de amanh\u00e3<\/strong><\/h2>\n\n\n\n<p>O objetivo deste projeto que se vai desenvolver no local de um Parque Empresarial envelhecido, na proximidade direta da esta\u00e7\u00e3o RER C, em Gennevilliers, \u00e9 re-desenvolver a cidade sobre si mesma, trazendo-lhe mais densidade, diversidade e intensidade. A programa\u00e7\u00e3o da ZAC pretende-se mista e o projeto visa refor\u00e7ar tanto a oferta de alojamentos, como o tecido econ\u00f3mico. Um trabalho consider\u00e1vel ser\u00e1 realizado nos espa\u00e7os p\u00fablicos, que dever\u00e3o ser requalificados, repensados e recompostos, com o objetivo de melhorar a qualidade de vida dos habitantes e mudar a fisionomia desta zona de Gennevilliers, que durante muito tempo foi considerada como um territ\u00f3rio servente. Est\u00e1 previsto um espa\u00e7o verde estruturante que vem refor\u00e7ar a malha verde comunal, nomeadamente, no programa de espa\u00e7os p\u00fablicos. O projeto tem como especificidade inserir-se numa das curvas do Sena e a sua implanta\u00e7\u00e3o, no leito principal do rio, necessitar\u00e1 de trabalhar, especificamente, a quest\u00e3o do risco de inunda\u00e7\u00e3o e da resili\u00eancia da cidade perante esta problem\u00e1tica.<\/p>\n\n\n\n<p><\/p>\n\n\n\n<hr class=\"wp-block-separator has-alpha-channel-opacity\"\/>\n\n\n\n<p><strong>Gest\u00e3o de projectos<\/strong>&nbsp; SEMAG 92 | SEMAG 92 <strong>Equipa<\/strong>&nbsp; CoBe Urbanime et Paysage, EPDC, IETI | <strong>Programa <\/strong>\u00c1rea de constru\u00e7\u00e3o total da ZAC : 313.000 m\u00b2 | ZAC Misto : 131.000 m\u00b2 de habita\u00e7\u00f5es, 50.400 m\u00b2 de escrit\u00f3rios, 75.100 m\u00b2 de ind\u00fastria, 6.500 m\u00b2 de instala\u00e7\u00f5es p\u00fablicas, 50.000 m\u00b2 de com\u00e9rcio\/servi\u00e7os <strong>\u00c1rea<\/strong> Cerca de 20 ha <strong>Fase <\/strong>Em curso<\/p>","protected":false},"excerpt":{"rendered":"<p>Em breve, o plano diretor...<\/p>","protected":false},"author":2,"featured_media":7556,"comment_status":"closed","ping_status":"open","sticky":false,"template":"","format":"standard","meta":{"_seopress_robots_primary_cat":"","_seopress_titles_title":"ZAC Chanteraines \u00e0 Gennevilliers","_seopress_titles_desc":"CoBe laur\u00e9at Urbaniste de la ZAC Chanteraines \u00e0 Gennevilliers","_seopress_robots_index":"","_vp_format_video_url":"","_vp_image_focal_point":[],"footnotes":""},"categories":[4],"tags":[],"class_list":["post-4130","post","type-post","status-publish","format-standard","has-post-thumbnail","hentry","category-news"],"blocksy_meta":{"styles_descriptor":{"styles":{"desktop":"","tablet":"","mobile":""},"google_fonts":[],"version":6}},"featured_image_src":"https:\/\/cobe.fr\/wp-content\/uploads\/2019\/11\/CoBe-Chanteraines-gennevilliers.jpg","featured_image_src_square":"https:\/\/cobe.fr\/wp-content\/uploads\/2019\/11\/CoBe-Chanteraines-gennevilliers.jpg","author_info":{"display_name":"Victorien Diaz","author_link":"https:\/\/cobe.fr\/pt\/author\/victorien\/"},"rbea_author_info":{"display_name":"Victorien Diaz","author_link":"https:\/\/cobe.fr\/pt\/author\/victorien\/"},"rbea_excerpt_info":"Bient\u00f4t le sch\u00e9ma directeur","category_list":"<a href=\"https:\/\/cobe.fr\/pt\/news\/\" rel=\"category tag\">News<\/a>","comments_num":"0 comments","_links":{"self":[{"href":"https:\/\/cobe.fr\/pt\/wp-json\/wp\/v2\/posts\/4130","targetHints":{"allow":["GET"]}}],"collection":[{"href":"https:\/\/cobe.fr\/pt\/wp-json\/wp\/v2\/posts"}],"about":[{"href":"https:\/\/cobe.fr\/pt\/wp-json\/wp\/v2\/types\/post"}],"author":[{"embeddable":true,"href":"https:\/\/cobe.fr\/pt\/wp-json\/wp\/v2\/users\/2"}],"replies":[{"embeddable":true,"href":"https:\/\/cobe.fr\/pt\/wp-json\/wp\/v2\/comments?post=4130"}],"version-history":[{"count":0,"href":"https:\/\/cobe.fr\/pt\/wp-json\/wp\/v2\/posts\/4130\/revisions"}],"wp:featuredmedia":[{"embeddable":true,"href":"https:\/\/cobe.fr\/pt\/wp-json\/wp\/v2\/media\/7556"}],"wp:attachment":[{"href":"https:\/\/cobe.fr\/pt\/wp-json\/wp\/v2\/media?parent=4130"}],"wp:term":[{"taxonomy":"category","embeddable":true,"href":"https:\/\/cobe.fr\/pt\/wp-json\/wp\/v2\/categories?post=4130"},{"taxonomy":"post_tag","embeddable":true,"href":"https:\/\/cobe.fr\/pt\/wp-json\/wp\/v2\/tags?post=4130"}],"curies":[{"name":"wp","href":"https:\/\/api.w.org\/{rel}","templated":true}]}}