{"id":3737,"date":"2019-03-11T14:38:27","date_gmt":"2019-03-11T13:38:27","guid":{"rendered":"https:\/\/www.cobe.fr\/?p=3737"},"modified":"2022-07-11T13:26:31","modified_gmt":"2022-07-11T11:26:31","slug":"10-000-m%c2%b2-de-bureaux-a-bobigny-93-3","status":"publish","type":"post","link":"https:\/\/cobe.fr\/pt\/10-000-m%c2%b2-de-bureaux-a-bobigny-93-3\/","title":{"rendered":"10.000 m\u00b2 de escrit\u00f3rios, em Bobigny (93)"},"content":{"rendered":"<h2 class=\"has-medium-font-size wp-block-heading\">CoBe concebe um edif\u00edcio de escrit\u00f3rios para Cogedim, no centro de Bobigny.<\/h2>\n\n\n\n<p>No quadro do projeto de revitaliza\u00e7\u00e3o do centro da cidade de Bobigny pela ag\u00eancia TVK , a CoBe \u00e9 respons\u00e1vel por um quarteir\u00e3o de escrit\u00f3rios, conduzido por Cogedim: um edif\u00edcio de escrit\u00f3rios com cerca de 10.000 m\u00b2 e um r\u00e9s-do-ch\u00e3o ocupado principalmente por espa\u00e7os comerciais e uma creche. A Licen\u00e7a de constru\u00e7\u00e3o est\u00e1 para breve.<\/p>\n\n\n\n<div class=\"wp-block-media-text alignwide is-stacked-on-mobile\"><figure class=\"wp-block-media-text__media\"><img loading=\"lazy\" decoding=\"async\" width=\"600\" height=\"400\" src=\"https:\/\/cobe.fr\/wp-content\/uploads\/2022\/07\/cobe-bobigny-bureaux.jpg\" alt=\"Escrit\u00f3rios Bobigny, CoBe\" class=\"wp-image-7680 size-full\" srcset=\"https:\/\/cobe.fr\/wp-content\/uploads\/2022\/07\/cobe-bobigny-bureaux.jpg 600w, https:\/\/cobe.fr\/wp-content\/uploads\/2022\/07\/cobe-bobigny-bureaux-300x200.jpg 300w, https:\/\/cobe.fr\/wp-content\/uploads\/2022\/07\/cobe-bobigny-bureaux-18x12.jpg 18w\" sizes=\"auto, (max-width: 600px) 100vw, 600px\" \/><\/figure><div class=\"wp-block-media-text__content\">\n<p class=\"has-medium-font-size\"><strong>Perspectiva<\/strong>\u00a0A outra imagem<\/p>\n<\/div><\/div>","protected":false},"excerpt":{"rendered":"<p>10.000 m2 de escrit\u00f3rios<\/p>","protected":false},"author":2,"featured_media":6872,"comment_status":"closed","ping_status":"open","sticky":false,"template":"","format":"standard","meta":{"_seopress_robots_primary_cat":"","_seopress_titles_title":"Bureaux a bobigny","_seopress_titles_desc":"CoBe concoit un immeuble de bureaux pour le compte de Cogedim dans le centre de Bobigny.","_seopress_robots_index":"","_vp_format_video_url":"","_vp_image_focal_point":[],"footnotes":""},"categories":[4],"tags":[],"class_list":["post-3737","post","type-post","status-publish","format-standard","has-post-thumbnail","hentry","category-news"],"blocksy_meta":{"styles_descriptor":{"styles":{"desktop":"","tablet":"","mobile":""},"google_fonts":[],"version":6}},"featured_image_src":"https:\/\/cobe.fr\/wp-content\/uploads\/2019\/03\/TVK_BOBIGNY_PV02_v4-veget-1100.jpg","featured_image_src_square":"https:\/\/cobe.fr\/wp-content\/uploads\/2019\/03\/TVK_BOBIGNY_PV02_v4-veget-1100.jpg","author_info":{"display_name":"Victorien Diaz","author_link":"https:\/\/cobe.fr\/pt\/author\/victorien\/"},"rbea_author_info":{"display_name":"Victorien Diaz","author_link":"https:\/\/cobe.fr\/pt\/author\/victorien\/"},"rbea_excerpt_info":"10,000 sqm of offices","category_list":"<a href=\"https:\/\/cobe.fr\/pt\/news\/\" rel=\"category tag\">News<\/a>","comments_num":"0 comments","_links":{"self":[{"href":"https:\/\/cobe.fr\/pt\/wp-json\/wp\/v2\/posts\/3737","targetHints":{"allow":["GET"]}}],"collection":[{"href":"https:\/\/cobe.fr\/pt\/wp-json\/wp\/v2\/posts"}],"about":[{"href":"https:\/\/cobe.fr\/pt\/wp-json\/wp\/v2\/types\/post"}],"author":[{"embeddable":true,"href":"https:\/\/cobe.fr\/pt\/wp-json\/wp\/v2\/users\/2"}],"replies":[{"embeddable":true,"href":"https:\/\/cobe.fr\/pt\/wp-json\/wp\/v2\/comments?post=3737"}],"version-history":[{"count":0,"href":"https:\/\/cobe.fr\/pt\/wp-json\/wp\/v2\/posts\/3737\/revisions"}],"wp:featuredmedia":[{"embeddable":true,"href":"https:\/\/cobe.fr\/pt\/wp-json\/wp\/v2\/media\/6872"}],"wp:attachment":[{"href":"https:\/\/cobe.fr\/pt\/wp-json\/wp\/v2\/media?parent=3737"}],"wp:term":[{"taxonomy":"category","embeddable":true,"href":"https:\/\/cobe.fr\/pt\/wp-json\/wp\/v2\/categories?post=3737"},{"taxonomy":"post_tag","embeddable":true,"href":"https:\/\/cobe.fr\/pt\/wp-json\/wp\/v2\/tags?post=3737"}],"curies":[{"name":"wp","href":"https:\/\/api.w.org\/{rel}","templated":true}]}}