{"id":3455,"date":"2018-10-16T10:19:19","date_gmt":"2018-10-16T09:19:19","guid":{"rendered":"https:\/\/www.cobe.fr\/?p=3455"},"modified":"2022-07-11T16:39:25","modified_gmt":"2022-07-11T14:39:25","slug":"invent-metropolis-great-paris-2","status":"publish","type":"post","link":"https:\/\/cobe.fr\/pt\/inventons-metropole-grand-paris-2\/","title":{"rendered":"IMGP 2 - S\u00edtio De Lattre, em Bondy (93)"},"content":{"rendered":"<h2 class=\"has-medium-font-size wp-block-heading\">IMGP 2 - CoBe selecionada na segunda volta<\/h2>\n\n\n\n<figure class=\"wp-block-image aligncenter size-full\"><img loading=\"lazy\" decoding=\"async\" width=\"416\" height=\"364\" src=\"https:\/\/cobe.fr\/wp-content\/uploads\/2018\/10\/IMGP-2.png\" alt=\"log\u00f3tipo\" class=\"wp-image-7738\" srcset=\"https:\/\/cobe.fr\/wp-content\/uploads\/2018\/10\/IMGP-2.png 416w, https:\/\/cobe.fr\/wp-content\/uploads\/2018\/10\/IMGP-2-300x263.png 300w, https:\/\/cobe.fr\/wp-content\/uploads\/2018\/10\/IMGP-2-14x12.png 14w\" sizes=\"auto, (max-width: 416px) 100vw, 416px\" \/><figcaption><a href=\"https:\/\/www.inventonslametropoledugrandparis.fr\/\">www.inventonslametropoledugrandparis.fr<\/a><\/figcaption><\/figure>\n\n\n\n<hr class=\"wp-block-separator has-text-color has-palette-color-5-color has-alpha-channel-opacity has-palette-color-5-background-color has-background\"\/>\n\n\n\n<h3 class=\"wp-block-heading\">De Lattre - centro da cidade - Bondy (93)<br><strong>MO<\/strong> Cogedim<\/h3>\n\n\n\n<p>Localizado no centro da cidade de Bondy, o s\u00edtio pertence ao territ\u00f3rio em plena muta\u00e7\u00e3o da Plan\u00edcie de l'Ourcq, e, em particular, da Avenida Gallieni. Inscrito no per\u00edmetro da PRU De Lattre de Tassigny, o local proposto \u00e9 constitu\u00eddo por uma barra de habita\u00e7\u00e3o social que ser\u00e1 demolida at\u00e9 2019. Atualmente servido por v\u00e1rias linhas de autocarros, beneficiar\u00e1 de uma acessibilidade refor\u00e7ada com a chegada do TZEN 3, em 2022 e da linha 15 em Pont de Bondy, em 2027. Este s\u00edtio destina-se a assegurar a liga\u00e7\u00e3o entre o centro da cidade de Bondy e o canal Ourcq. Trata-se de desenvolver uma continuidade urbana entre o norte e o sul da comuna, atrav\u00e9s de um programa misto: habita\u00e7\u00e3o, com\u00e9rcios, p\u00f3lo de educa\u00e7\u00e3o popular virado para o multilinguismo e est\u00e1dio da cidade.<\/p>\n\n\n\n<p><\/p>","protected":false},"excerpt":{"rendered":"<p>CoBe selecionada na 2\u00aa volta ...<\/p>","protected":false},"author":2,"featured_media":7738,"comment_status":"closed","ping_status":"open","sticky":false,"template":"","format":"standard","meta":{"_seopress_robots_primary_cat":"","_seopress_titles_title":"imgp 2","_seopress_titles_desc":"imgp 2 second tour","_seopress_robots_index":"","_vp_format_video_url":"","_vp_image_focal_point":[],"footnotes":""},"categories":[4],"tags":[],"class_list":["post-3455","post","type-post","status-publish","format-standard","has-post-thumbnail","hentry","category-news"],"blocksy_meta":{"styles_descriptor":{"styles":{"desktop":"","tablet":"","mobile":""},"google_fonts":[],"version":6}},"featured_image_src":"https:\/\/cobe.fr\/wp-content\/uploads\/2018\/10\/IMGP-2.png","featured_image_src_square":"https:\/\/cobe.fr\/wp-content\/uploads\/2018\/10\/IMGP-2.png","author_info":{"display_name":"Victorien Diaz","author_link":"https:\/\/cobe.fr\/pt\/author\/victorien\/"},"rbea_author_info":{"display_name":"Victorien Diaz","author_link":"https:\/\/cobe.fr\/pt\/author\/victorien\/"},"rbea_excerpt_info":"CoBe retenu au 2nd tour","category_list":"<a href=\"https:\/\/cobe.fr\/pt\/news\/\" rel=\"category tag\">News<\/a>","comments_num":"0 comments","_links":{"self":[{"href":"https:\/\/cobe.fr\/pt\/wp-json\/wp\/v2\/posts\/3455","targetHints":{"allow":["GET"]}}],"collection":[{"href":"https:\/\/cobe.fr\/pt\/wp-json\/wp\/v2\/posts"}],"about":[{"href":"https:\/\/cobe.fr\/pt\/wp-json\/wp\/v2\/types\/post"}],"author":[{"embeddable":true,"href":"https:\/\/cobe.fr\/pt\/wp-json\/wp\/v2\/users\/2"}],"replies":[{"embeddable":true,"href":"https:\/\/cobe.fr\/pt\/wp-json\/wp\/v2\/comments?post=3455"}],"version-history":[{"count":0,"href":"https:\/\/cobe.fr\/pt\/wp-json\/wp\/v2\/posts\/3455\/revisions"}],"wp:featuredmedia":[{"embeddable":true,"href":"https:\/\/cobe.fr\/pt\/wp-json\/wp\/v2\/media\/7738"}],"wp:attachment":[{"href":"https:\/\/cobe.fr\/pt\/wp-json\/wp\/v2\/media?parent=3455"}],"wp:term":[{"taxonomy":"category","embeddable":true,"href":"https:\/\/cobe.fr\/pt\/wp-json\/wp\/v2\/categories?post=3455"},{"taxonomy":"post_tag","embeddable":true,"href":"https:\/\/cobe.fr\/pt\/wp-json\/wp\/v2\/tags?post=3455"}],"curies":[{"name":"wp","href":"https:\/\/api.w.org\/{rel}","templated":true}]}}