{"id":10609,"date":"2023-03-13T14:24:17","date_gmt":"2023-03-13T13:24:17","guid":{"rendered":"https:\/\/cobe.fr\/?p=10609"},"modified":"2023-03-13T14:51:47","modified_gmt":"2023-03-13T13:51:47","slug":"finalista-do-cobe-para-os-landscape-awards-2023","status":"publish","type":"post","link":"https:\/\/cobe.fr\/pt\/cobe-finaliste-du-palmares-du-paysage-2023\/","title":{"rendered":"Finalista do CoBe para os Landscape Awards 2023"},"content":{"rendered":"<p class=\"has-text-align-center\">\ud83d\udc4f O nosso projecto de requalifica\u00e7\u00e3o dos espa\u00e7os p\u00fablicos do bairro GrandeBorne em Grigny \u00e9 um finalista da Palmar\u00e8s du Paysage 2023 da FFP (F\u00e9d\u00e9ration Fran\u00e7aise du Paysage) na categoria \"Participa\u00e7\u00e3o\"! Estamos a fazer figas!<\/p>\n\n\n\n<p class=\"has-text-align-center\"> Este projecto permitiu a cria\u00e7\u00e3o de um grande parque paisag\u00edstico, dois est\u00e1dios da cidade com relva artificial, bem como uma \u00e1rea polidesportiva e uma \u00e1rea de fitness ao ar livre, em estreita consulta com a popula\u00e7\u00e3o.<\/p>\n\n\n\n<p class=\"has-text-align-center\">O problema do desenvolvimento da Plan\u00edcie Central e seus meandros reside na reapropria\u00e7\u00e3o colectiva do espa\u00e7o pelos seus habitantes, que est\u00e3o envolvidos no projecto desde a sua concep\u00e7\u00e3o. Este processo de consulta, associado aos estudos de gest\u00e3o do projecto, permite uma melhor apropria\u00e7\u00e3o e permite incentivar a co-produ\u00e7\u00e3o com grupos de habitantes e associa\u00e7\u00f5es.<\/p>\n\n\n\n<div style=\"height:35px\" aria-hidden=\"true\" class=\"wp-block-spacer\"><\/div>\n\n\n\n<figure class=\"wp-block-image aligncenter size-full\"><img loading=\"lazy\" decoding=\"async\" width=\"600\" height=\"600\" src=\"https:\/\/cobe.fr\/wp-content\/uploads\/2023\/03\/photo-grigny.jpg\" alt=\"Finalista do CoBe para os Landscape Awards 2023\" class=\"wp-image-10610\" srcset=\"https:\/\/cobe.fr\/wp-content\/uploads\/2023\/03\/photo-grigny.jpg 600w, https:\/\/cobe.fr\/wp-content\/uploads\/2023\/03\/photo-grigny-300x300.jpg 300w, https:\/\/cobe.fr\/wp-content\/uploads\/2023\/03\/photo-grigny-150x150.jpg 150w, https:\/\/cobe.fr\/wp-content\/uploads\/2023\/03\/photo-grigny-12x12.jpg 12w, https:\/\/cobe.fr\/wp-content\/uploads\/2023\/03\/photo-grigny-500x500.jpg 500w\" sizes=\"auto, (max-width: 600px) 100vw, 600px\" \/><\/figure>\n\n\n\n<div style=\"height:30px\" aria-hidden=\"true\" class=\"wp-block-spacer\"><\/div>\n\n\n\n<div class=\"wp-block-buttons is-content-justification-center is-layout-flex wp-container-core-buttons-is-layout-a89b3969 wp-block-buttons-is-layout-flex\">\n<div class=\"wp-block-button\"><a class=\"wp-block-button__link wp-element-button\" href=\"https:\/\/cobe.fr\/pt\/portfolio-item\/grande-borne-grigny\/\">Ver o projeto<\/a><\/div>\n<\/div>","protected":false},"excerpt":{"rendered":"<p>\ud83d\udc4f Notre projet de requalification des espaces publics du quartier de la&nbsp;GrandeBorne&nbsp;\u00e0&nbsp;Grigny&nbsp;est finaliste du&nbsp;Palmar\u00e8s&nbsp;du&nbsp;Paysage&nbsp;2023&nbsp;de la&nbsp;FFP (F\u00e9d\u00e9ration Fran\u00e7aise du Paysage)&nbsp;dans la cat\u00e9gorie \u00ab\u00a0Participation\u00a0\u00bb ! On croise les doigts ! Ce projet a permis la cr\u00e9ation d\u2019un grand parc paysager, de deux citystades en terrain synth\u00e9tique, ainsi que d&rsquo;un espace multisports et d&rsquo;un espace de fitness en [&hellip;]<\/p>\n","protected":false},"author":2,"featured_media":10611,"comment_status":"closed","ping_status":"open","sticky":false,"template":"","format":"standard","meta":{"_seopress_robots_primary_cat":"none","_seopress_titles_title":"","_seopress_titles_desc":"Notre projet de requalification des espaces publics du quartier de la\u00a0GrandeBorne\u00a0\u00e0\u00a0Grigny\u00a0est finaliste du\u00a0Palmar\u00e8s\u00a0du\u00a0Paysage\u00a02023\u00a0de la\u00a0FFP (F\u00e9d\u00e9ration Fran\u00e7aise du Paysage)\u00a0dans la cat\u00e9gorie &quot;Participation&quot;","_seopress_robots_index":"","_vp_format_video_url":"","_vp_image_focal_point":{"x":0.47,"y":0.37},"footnotes":""},"categories":[4],"tags":[],"class_list":["post-10609","post","type-post","status-publish","format-standard","has-post-thumbnail","hentry","category-news"],"blocksy_meta":{"styles_descriptor":{"styles":{"desktop":"","tablet":"","mobile":""},"google_fonts":[],"version":6}},"featured_image_src":"https:\/\/cobe.fr\/wp-content\/uploads\/2023\/03\/photo-grigny-1.jpg","featured_image_src_square":"https:\/\/cobe.fr\/wp-content\/uploads\/2023\/03\/photo-grigny-1.jpg","author_info":{"display_name":"Victorien Diaz","author_link":"https:\/\/cobe.fr\/pt\/author\/victorien\/"},"rbea_author_info":{"display_name":"Victorien Diaz","author_link":"https:\/\/cobe.fr\/pt\/author\/victorien\/"},"rbea_excerpt_info":"\ud83d\udc4f Notre projet de requalification des espaces publics du quartier de la&nbsp;GrandeBorne&nbsp;\u00e0&nbsp;Grigny&nbsp;est finaliste du&nbsp;Palmar\u00e8s&nbsp;du&nbsp;Paysage&nbsp;2023&nbsp;de la&nbsp;FFP (F\u00e9d\u00e9ration Fran\u00e7aise du Paysage)&nbsp;dans la cat\u00e9gorie \u00ab\u00a0Participation\u00a0\u00bb ! On croise les doigts ! Ce projet a permis la cr\u00e9ation d\u2019un grand parc paysager, de deux citystades en terrain synth\u00e9tique, ainsi que d&rsquo;un espace multisports et d&rsquo;un espace de fitness en [&hellip;]","category_list":"<a href=\"https:\/\/cobe.fr\/pt\/news\/\" rel=\"category tag\">News<\/a>","comments_num":"0 comments","_links":{"self":[{"href":"https:\/\/cobe.fr\/pt\/wp-json\/wp\/v2\/posts\/10609","targetHints":{"allow":["GET"]}}],"collection":[{"href":"https:\/\/cobe.fr\/pt\/wp-json\/wp\/v2\/posts"}],"about":[{"href":"https:\/\/cobe.fr\/pt\/wp-json\/wp\/v2\/types\/post"}],"author":[{"embeddable":true,"href":"https:\/\/cobe.fr\/pt\/wp-json\/wp\/v2\/users\/2"}],"replies":[{"embeddable":true,"href":"https:\/\/cobe.fr\/pt\/wp-json\/wp\/v2\/comments?post=10609"}],"version-history":[{"count":0,"href":"https:\/\/cobe.fr\/pt\/wp-json\/wp\/v2\/posts\/10609\/revisions"}],"wp:featuredmedia":[{"embeddable":true,"href":"https:\/\/cobe.fr\/pt\/wp-json\/wp\/v2\/media\/10611"}],"wp:attachment":[{"href":"https:\/\/cobe.fr\/pt\/wp-json\/wp\/v2\/media?parent=10609"}],"wp:term":[{"taxonomy":"category","embeddable":true,"href":"https:\/\/cobe.fr\/pt\/wp-json\/wp\/v2\/categories?post=10609"},{"taxonomy":"post_tag","embeddable":true,"href":"https:\/\/cobe.fr\/pt\/wp-json\/wp\/v2\/tags?post=10609"}],"curies":[{"name":"wp","href":"https:\/\/api.w.org\/{rel}","templated":true}]}}