{"id":892,"date":"2015-06-12T09:38:35","date_gmt":"2015-06-12T08:38:35","guid":{"rendered":"http:\/\/www.cobe.fr\/?p=892"},"modified":"2026-04-16T13:31:10","modified_gmt":"2026-04-16T11:31:10","slug":"inauguracion-de-la-casa-de-compagnons-pantin-93","status":"publish","type":"post","link":"https:\/\/cobe.fr\/es\/inauguration-de-maison-compagnons-pantin-93\/","title":{"rendered":"Inauguraci\u00f3n de la Maison des Compagnons - Pantin (93)"},"content":{"rendered":"<p>Fran\u00e7ois Rebsamen, Ministro de Trabajo, Empleo, Formaci\u00f3n Profesional y Di\u00e1logo Social, Bertrand Kern, Alcalde de Pantin, Bertrand Nauleau, Primer Consejero de los Compagnons du Devoir, y Bruno Rousseau, Director General de R\u00e9sidences Sociales de France (RSF), inauguraron el viernes 12 de junio en Pantin la Maison des Compagnons du Devoir. Construido por RSF, este centro formar\u00e1 cada a\u00f1o a 260 j\u00f3venes aprendices, 140 de los cuales se alojar\u00e1n en \u00e9l.<\/p>\n\n\n\n<p class=\"has-text-align-right\"><\/p>\n\n\n\n<hr class=\"wp-block-separator has-text-color has-palette-color-5-color has-alpha-channel-opacity has-palette-color-5-background-color has-background is-style-wide\"\/>\n\n\n\n<p><strong>R\u00e9sidences Sociales de France, Les Compagnons du Devoir<br>CoBe<\/strong> Arquitectura \/ Empresa <strong>Br\u00e9zillon<br>Studetech<\/strong> - BET TCE \/ <strong>Alma<\/strong> - Dise\u00f1ador de cocinas<\/p>","protected":false},"excerpt":{"rendered":"<p>Fran\u00e7ois Rebsamen, Bertrand Kern, Bertrand Nauleau y Bruno Rousseau inauguran<\/p>","protected":false},"author":2,"featured_media":8004,"comment_status":"closed","ping_status":"open","sticky":false,"template":"","format":"standard","meta":{"_seopress_robots_primary_cat":"none","_seopress_titles_title":"","_seopress_titles_desc":"inauguration de la Maison des compagnons du devoir \u00e0 Pantin","_seopress_robots_index":"","_vp_format_video_url":"","_vp_image_focal_point":[],"footnotes":""},"categories":[4],"tags":[],"class_list":["post-892","post","type-post","status-publish","format-standard","has-post-thumbnail","hentry","category-news"],"blocksy_meta":{"styles_descriptor":{"styles":{"desktop":"","tablet":"","mobile":""},"google_fonts":[],"version":6}},"featured_image_src":"https:\/\/cobe.fr\/wp-content\/uploads\/2015\/06\/inauguration_Compagnons_du_Devoir_de_Pantin-550x550-1.jpg","featured_image_src_square":"https:\/\/cobe.fr\/wp-content\/uploads\/2015\/06\/inauguration_Compagnons_du_Devoir_de_Pantin-550x550-1.jpg","author_info":{"display_name":"Victorien Diaz","author_link":"https:\/\/cobe.fr\/es\/author\/victorien\/"},"rbea_author_info":{"display_name":"Victorien Diaz","author_link":"https:\/\/cobe.fr\/es\/author\/victorien\/"},"rbea_excerpt_info":"Fran\u00e7ois Rebsamen, Bertrand Kern, Bertrand Nauleau et Bruno Rousseau inaugurent","category_list":"<a href=\"https:\/\/cobe.fr\/es\/news\/\" rel=\"category tag\">News<\/a>","comments_num":"0 comments","_links":{"self":[{"href":"https:\/\/cobe.fr\/es\/wp-json\/wp\/v2\/posts\/892","targetHints":{"allow":["GET"]}}],"collection":[{"href":"https:\/\/cobe.fr\/es\/wp-json\/wp\/v2\/posts"}],"about":[{"href":"https:\/\/cobe.fr\/es\/wp-json\/wp\/v2\/types\/post"}],"author":[{"embeddable":true,"href":"https:\/\/cobe.fr\/es\/wp-json\/wp\/v2\/users\/2"}],"replies":[{"embeddable":true,"href":"https:\/\/cobe.fr\/es\/wp-json\/wp\/v2\/comments?post=892"}],"version-history":[{"count":1,"href":"https:\/\/cobe.fr\/es\/wp-json\/wp\/v2\/posts\/892\/revisions"}],"predecessor-version":[{"id":13773,"href":"https:\/\/cobe.fr\/es\/wp-json\/wp\/v2\/posts\/892\/revisions\/13773"}],"wp:featuredmedia":[{"embeddable":true,"href":"https:\/\/cobe.fr\/es\/wp-json\/wp\/v2\/media\/8004"}],"wp:attachment":[{"href":"https:\/\/cobe.fr\/es\/wp-json\/wp\/v2\/media?parent=892"}],"wp:term":[{"taxonomy":"category","embeddable":true,"href":"https:\/\/cobe.fr\/es\/wp-json\/wp\/v2\/categories?post=892"},{"taxonomy":"post_tag","embeddable":true,"href":"https:\/\/cobe.fr\/es\/wp-json\/wp\/v2\/tags?post=892"}],"curies":[{"name":"wp","href":"https:\/\/api.w.org\/{rel}","templated":true}]}}