{"id":2631,"date":"2018-09-10T11:52:48","date_gmt":"2018-09-10T10:52:48","guid":{"rendered":"http:\/\/www.cobe.fr\/?p=2631"},"modified":"2022-07-11T17:40:46","modified_gmt":"2022-07-11T15:40:46","slug":"puesta-en-marcha-epinay-senart-91","status":"publish","type":"post","link":"https:\/\/cobe.fr\/es\/demarrage-chantier-epinay-senart-91\/","title":{"rendered":"Inicio de las obras - \u00c9pinay-sous-S\u00e9nart (91)"},"content":{"rendered":"<p><strong>Planificaci\u00f3n urbana y gesti\u00f3n de proyectos para espacios p\u00fablicos.<\/strong><\/p>\n\n\n\n<p><strong>Propietario del proyecto<\/strong><br>Citallios - Ciudad de \u00c9pinay-sous-S\u00e9nart<\/p>\n\n\n\n<p><strong>Gesti\u00f3n de proyectos<\/strong><br>CoBe Urbanisme et Paysage \/ EPDC, BET TCE VRD \/ IETI, BET HQE \/ ON, dise\u00f1ador de iluminaci\u00f3n |<\/p>\n\n\n\n<p>Importe de las obras 4,8 millones de euros<\/p>\n\n\n\n<p>\u2192 <a href=\"https:\/\/cobe.fr\/es\/cartera-elemento\/operacion-centro-ciudad-epinay-sous-senart-91\/\">VER EL PROYECTO<\/a><\/p>","protected":false},"excerpt":{"rendered":"<p>Inicio de la fase 1 de las obras<\/p>","protected":false},"author":2,"featured_media":7787,"comment_status":"closed","ping_status":"open","sticky":false,"template":"","format":"standard","meta":{"_seopress_robots_primary_cat":"","_seopress_titles_title":"","_seopress_titles_desc":"","_seopress_robots_index":"","_vp_format_video_url":"","_vp_image_focal_point":[],"footnotes":""},"categories":[4],"tags":[],"class_list":["post-2631","post","type-post","status-publish","format-standard","has-post-thumbnail","hentry","category-news"],"blocksy_meta":{"styles_descriptor":{"styles":{"desktop":"","tablet":"","mobile":""},"google_fonts":[],"version":6}},"featured_image_src":"https:\/\/cobe.fr\/wp-content\/uploads\/2018\/09\/CoBe-epinay-sous-senart-6-1-500x500-1.jpg","featured_image_src_square":"https:\/\/cobe.fr\/wp-content\/uploads\/2018\/09\/CoBe-epinay-sous-senart-6-1-500x500-1.jpg","author_info":{"display_name":"Victorien Diaz","author_link":"https:\/\/cobe.fr\/es\/author\/victorien\/"},"rbea_author_info":{"display_name":"Victorien Diaz","author_link":"https:\/\/cobe.fr\/es\/author\/victorien\/"},"rbea_excerpt_info":"D\u00e9marrage de la phase 1 du chantier","category_list":"<a href=\"https:\/\/cobe.fr\/es\/news\/\" rel=\"category tag\">News<\/a>","comments_num":"0 comments","_links":{"self":[{"href":"https:\/\/cobe.fr\/es\/wp-json\/wp\/v2\/posts\/2631","targetHints":{"allow":["GET"]}}],"collection":[{"href":"https:\/\/cobe.fr\/es\/wp-json\/wp\/v2\/posts"}],"about":[{"href":"https:\/\/cobe.fr\/es\/wp-json\/wp\/v2\/types\/post"}],"author":[{"embeddable":true,"href":"https:\/\/cobe.fr\/es\/wp-json\/wp\/v2\/users\/2"}],"replies":[{"embeddable":true,"href":"https:\/\/cobe.fr\/es\/wp-json\/wp\/v2\/comments?post=2631"}],"version-history":[{"count":0,"href":"https:\/\/cobe.fr\/es\/wp-json\/wp\/v2\/posts\/2631\/revisions"}],"wp:featuredmedia":[{"embeddable":true,"href":"https:\/\/cobe.fr\/es\/wp-json\/wp\/v2\/media\/7787"}],"wp:attachment":[{"href":"https:\/\/cobe.fr\/es\/wp-json\/wp\/v2\/media?parent=2631"}],"wp:term":[{"taxonomy":"category","embeddable":true,"href":"https:\/\/cobe.fr\/es\/wp-json\/wp\/v2\/categories?post=2631"},{"taxonomy":"post_tag","embeddable":true,"href":"https:\/\/cobe.fr\/es\/wp-json\/wp\/v2\/tags?post=2631"}],"curies":[{"name":"wp","href":"https:\/\/api.w.org\/{rel}","templated":true}]}}