{"id":10921,"date":"2023-06-16T14:28:07","date_gmt":"2023-06-16T12:28:07","guid":{"rendered":"https:\/\/cobe.fr\/?p=10921"},"modified":"2023-06-19T12:03:47","modified_gmt":"2023-06-19T10:03:47","slug":"debut-de-chantier-a-bordeaux","status":"publish","type":"post","link":"https:\/\/cobe.fr\/es\/debut-de-chantier-a-bordeaux\/","title":{"rendered":"Inicio de las obras en Burdeos"},"content":{"rendered":"<p class=\"has-text-align-center\">\ud83c\udfd7\ud83c\udf33 El proyecto Armagnac Sud, en Burdeos, empieza con buen pie, \u00a1y los principales contratistas de CoBe Bordeaux siguen muy de cerca los avances! <\/p>\n\n\n\n<p class=\"has-text-align-center\">Situado en la parcela 8.16 del sector Armagnac Sud de la zona de desarrollo mixto de Saint-Jean Belcier, cerca de la estaci\u00f3n, este proyecto de viviendas se estructura en torno a un z\u00f3calo que va desde la planta baja hasta 3 plantas sobre rasante, con patios conectados con el espacio p\u00fablico circundante, y rematado por cuatro \"emergencias\" diferenciadas. Las dos torres de 10 pisos se componen de una estructura mixta de madera y hormig\u00f3n, una malla met\u00e1lica exterior y fachadas con entramado de madera. <\/p>\n\n\n\n<p class=\"has-text-align-center\">Un alzado inferior est\u00e1 construido \u00edntegramente con entramados de madera. Este complejo de edificios alberga 94 viviendas multiorientadas, cada una de las cuales se beneficia de al menos dos orientaciones, salas de estar sin vistas y generosos espacios exteriores que ofrecen m\u00faltiples vistas hacia el paisaje y el jard\u00edn en el coraz\u00f3n del bloque. <\/p>\n\n\n\n<p class=\"has-text-align-center\">Todo el proyecto cuenta con la certificaci\u00f3n NF Habitat HQE 9*, se acerca al nivel 3 de la etiqueta Biosourced y est\u00e1 en proceso de obtener la certificaci\u00f3n E+C-.<\/p>\n\n\n\n<div style=\"height:25px\" aria-hidden=\"true\" class=\"wp-block-spacer\"><\/div>\n\n\n\n<figure class=\"wp-block-image aligncenter size-large\"><img loading=\"lazy\" decoding=\"async\" width=\"1024\" height=\"837\" src=\"https:\/\/cobe.fr\/wp-content\/uploads\/2023\/05\/PREVIEW-C07-1024x837.jpg\" alt=\"Cobe Armagnac Sud en Burdeos, \" class=\"wp-image-10923\" srcset=\"https:\/\/cobe.fr\/wp-content\/uploads\/2023\/05\/PREVIEW-C07-1024x837.jpg 1024w, https:\/\/cobe.fr\/wp-content\/uploads\/2023\/05\/PREVIEW-C07-300x245.jpg 300w, https:\/\/cobe.fr\/wp-content\/uploads\/2023\/05\/PREVIEW-C07-768x628.jpg 768w, https:\/\/cobe.fr\/wp-content\/uploads\/2023\/05\/PREVIEW-C07-15x12.jpg 15w, https:\/\/cobe.fr\/wp-content\/uploads\/2023\/05\/PREVIEW-C07-500x409.jpg 500w, https:\/\/cobe.fr\/wp-content\/uploads\/2023\/05\/PREVIEW-C07-800x654.jpg 800w, https:\/\/cobe.fr\/wp-content\/uploads\/2023\/05\/PREVIEW-C07.jpg 1100w\" sizes=\"auto, (max-width: 1024px) 100vw, 1024px\" \/><\/figure>\n\n\n\n<div class=\"wp-block-buttons is-content-justification-center is-layout-flex wp-container-core-buttons-is-layout-a89b3969 wp-block-buttons-is-layout-flex\">\n<div class=\"wp-block-button\"><a class=\"wp-block-button__link wp-element-button\" href=\"https:\/\/cobe.fr\/es\/cartera-elemento\/logements-en-bois-bordeaux-33\/\">Ver el proyecto<\/a><\/div>\n<\/div>\n\n\n\n<div style=\"height:30px\" aria-hidden=\"true\" class=\"wp-block-spacer\"><\/div>","protected":false},"excerpt":{"rendered":"<p>\ud83c\udfd7 \ud83c\udf33 Top d\u00e9part pour le chantier de l\u2019op\u00e9ration Armagnac Sud \u00e0 Bordeaux, suivie de tr\u00e8s pr\u00e8s par les ma\u00eetres d\u2019\u0153uvre d\u2019ex\u00e9cution de CoBe Bordeaux&nbsp;! Situ\u00e9 sur l&rsquo;ilot 8.16, secteur Armagnac Sud, ZAC Saint-Jean Belcier \u00e0 proximit\u00e9 de la gare, ce projet de logements se structure autour d\u2019un socle variant de RDC \u00e0 R+3, creus\u00e9 [&hellip;]<\/p>\n","protected":false},"author":2,"featured_media":10929,"comment_status":"closed","ping_status":"open","sticky":false,"template":"","format":"standard","meta":{"_seopress_robots_primary_cat":"none","_seopress_titles_title":"D\u00e9but de chantier \u00e0 Bordeaux ","_seopress_titles_desc":"Top d\u00e9part pour le chantier de l\u2019op\u00e9ration Armagnac Sud \u00e0 Bordeaux, suivie de tr\u00e8s pr\u00e8s par les ma\u00eetres d\u2019\u0153uvre d\u2019ex\u00e9cution de CoBe Bordeaux\u00a0! ","_seopress_robots_index":"","_vp_format_video_url":"","_vp_image_focal_point":[],"footnotes":""},"categories":[4],"tags":[],"class_list":["post-10921","post","type-post","status-publish","format-standard","has-post-thumbnail","hentry","category-news"],"blocksy_meta":{"styles_descriptor":{"styles":{"desktop":"","tablet":"","mobile":""},"google_fonts":[],"version":6}},"featured_image_src":"https:\/\/cobe.fr\/wp-content\/uploads\/2023\/06\/PREVIEW-C07600x400.jpg","featured_image_src_square":"https:\/\/cobe.fr\/wp-content\/uploads\/2023\/06\/PREVIEW-C07600x400.jpg","author_info":{"display_name":"Victorien Diaz","author_link":"https:\/\/cobe.fr\/es\/author\/victorien\/"},"rbea_author_info":{"display_name":"Victorien Diaz","author_link":"https:\/\/cobe.fr\/es\/author\/victorien\/"},"rbea_excerpt_info":"\ud83c\udfd7 \ud83c\udf33 Top d\u00e9part pour le chantier de l\u2019op\u00e9ration Armagnac Sud \u00e0 Bordeaux, suivie de tr\u00e8s pr\u00e8s par les ma\u00eetres d\u2019\u0153uvre d\u2019ex\u00e9cution de CoBe Bordeaux&nbsp;! Situ\u00e9 sur l&rsquo;ilot 8.16, secteur Armagnac Sud, ZAC Saint-Jean Belcier \u00e0 proximit\u00e9 de la gare, ce projet de logements se structure autour d\u2019un socle variant de RDC \u00e0 R+3, creus\u00e9 [&hellip;]","category_list":"<a href=\"https:\/\/cobe.fr\/es\/news\/\" rel=\"category tag\">News<\/a>","comments_num":"0 comments","_links":{"self":[{"href":"https:\/\/cobe.fr\/es\/wp-json\/wp\/v2\/posts\/10921","targetHints":{"allow":["GET"]}}],"collection":[{"href":"https:\/\/cobe.fr\/es\/wp-json\/wp\/v2\/posts"}],"about":[{"href":"https:\/\/cobe.fr\/es\/wp-json\/wp\/v2\/types\/post"}],"author":[{"embeddable":true,"href":"https:\/\/cobe.fr\/es\/wp-json\/wp\/v2\/users\/2"}],"replies":[{"embeddable":true,"href":"https:\/\/cobe.fr\/es\/wp-json\/wp\/v2\/comments?post=10921"}],"version-history":[{"count":0,"href":"https:\/\/cobe.fr\/es\/wp-json\/wp\/v2\/posts\/10921\/revisions"}],"wp:featuredmedia":[{"embeddable":true,"href":"https:\/\/cobe.fr\/es\/wp-json\/wp\/v2\/media\/10929"}],"wp:attachment":[{"href":"https:\/\/cobe.fr\/es\/wp-json\/wp\/v2\/media?parent=10921"}],"wp:term":[{"taxonomy":"category","embeddable":true,"href":"https:\/\/cobe.fr\/es\/wp-json\/wp\/v2\/categories?post=10921"},{"taxonomy":"post_tag","embeddable":true,"href":"https:\/\/cobe.fr\/es\/wp-json\/wp\/v2\/tags?post=10921"}],"curies":[{"name":"wp","href":"https:\/\/api.w.org\/{rel}","templated":true}]}}