{"id":10826,"date":"2023-07-12T16:11:41","date_gmt":"2023-07-12T14:11:41","guid":{"rendered":"https:\/\/cobe.fr\/?p=10826"},"modified":"2023-07-12T16:12:43","modified_gmt":"2023-07-12T14:12:43","slug":"offices-to-let-bordeaux-gare-saint-jean","status":"publish","type":"post","link":"https:\/\/cobe.fr\/en\/bureaux-a-louer-bordeaux-gare-saint-jean\/","title":{"rendered":"Offices to let - Bordeaux Gare Saint-Jean"},"content":{"rendered":"<p class=\"has-text-align-center\"><strong>CoBe is renting a 210m\u00b2 office space with a 42m\u00b2 mezzanine and 97m\u00b2 shared common areas, located in the ZAC Saint-Jean Belcier in Bordeaux, close to the Saint-Jean train station. The offices are located on the first floor of a purpose-built hall overlooking the new Place des Citernes, the future hub of the district, which is currently in its final phase of construction.<\/strong><\/p>\n\n\n\n<p class=\"has-text-align-center\"><strong>Common areas (kitchen, rest room, dining room, toilets, terrace, etc.) are available and are shared with the offices of the CoBe Bordeaux agency. On the ground floor, the building will eventually house a shop and a brasserie, and a gourmet market will be set up in the market hall on the other side of the square.<\/strong><br><\/p>\n\n\n\n<div class=\"wp-block-buttons is-content-justification-center is-layout-flex wp-container-core-buttons-is-layout-a89b3969 wp-block-buttons-is-layout-flex\">\n<div class=\"wp-block-button\"><a class=\"wp-block-button__link wp-element-button\" href=\"https:\/\/cobe.fr\/wp-content\/uploads\/2023\/07\/CoBe-Locations-Bureaux-Bordeaux-Gare-.pdf\" target=\"_blank\" rel=\"noreferrer noopener\">See in detail<\/a><\/div>\n<\/div>\n\n\n\n<div style=\"height:25px\" aria-hidden=\"true\" class=\"wp-block-spacer\"><\/div>\n\n\n\n<figure class=\"wp-block-image aligncenter size-large\"><a href=\"https:\/\/cobe.fr\/wp-content\/uploads\/2023\/07\/CoBe-Locations-Bureaux-Bordeaux-Gare-.pdf\" target=\"_blank\" rel=\"noreferrer noopener\"><img loading=\"lazy\" decoding=\"async\" width=\"1024\" height=\"682\" src=\"https:\/\/cobe.fr\/wp-content\/uploads\/2023\/07\/My-project-1-18-1024x682.jpg\" alt=\"Offices for rent - CoBe Bordeaux Saint-Jean\" class=\"wp-image-10950\" srcset=\"https:\/\/cobe.fr\/wp-content\/uploads\/2023\/07\/My-project-1-18-1024x682.jpg 1024w, https:\/\/cobe.fr\/wp-content\/uploads\/2023\/07\/My-project-1-18-300x200.jpg 300w, https:\/\/cobe.fr\/wp-content\/uploads\/2023\/07\/My-project-1-18-768x512.jpg 768w, https:\/\/cobe.fr\/wp-content\/uploads\/2023\/07\/My-project-1-18-18x12.jpg 18w, https:\/\/cobe.fr\/wp-content\/uploads\/2023\/07\/My-project-1-18-500x333.jpg 500w, https:\/\/cobe.fr\/wp-content\/uploads\/2023\/07\/My-project-1-18-800x533.jpg 800w, https:\/\/cobe.fr\/wp-content\/uploads\/2023\/07\/My-project-1-18.jpg 1100w\" sizes=\"auto, (max-width: 1024px) 100vw, 1024px\" \/><\/a><\/figure>\n\n\n\n<div style=\"height:30px\" aria-hidden=\"true\" class=\"wp-block-spacer\"><\/div>","protected":false},"excerpt":{"rendered":"<p>CoBe loue un plateau de bureaux de 210m\u00b2 avec mezzanine de 42m\u00b2 et espaces communs partag\u00e9s de 97m\u00b2, situ\u00e9s sur la ZAC Saint-Jean Belcier \u00e0 Bordeaux, \u00e0 proximit\u00e9 de la gare Saint-Jean. Les bureaux sont situ\u00e9s au premier \u00e9tage d&rsquo;une halle construite par nos soins, donnant sur la nouvelle place des Citernes, futur centre de [&hellip;]<\/p>\n","protected":false},"author":2,"featured_media":10828,"comment_status":"closed","ping_status":"open","sticky":false,"template":"","format":"standard","meta":{"_seopress_robots_primary_cat":"none","_seopress_titles_title":"%%post_title%%","_seopress_titles_desc":"","_seopress_robots_index":"","_vp_format_video_url":"","_vp_image_focal_point":[],"footnotes":""},"categories":[4],"tags":[],"class_list":["post-10826","post","type-post","status-publish","format-standard","has-post-thumbnail","hentry","category-news"],"blocksy_meta":{"styles_descriptor":{"styles":{"desktop":"","tablet":"","mobile":""},"google_fonts":[],"version":6}},"featured_image_src":"https:\/\/cobe.fr\/wp-content\/uploads\/2023\/05\/My-project-1-15.png","featured_image_src_square":"https:\/\/cobe.fr\/wp-content\/uploads\/2023\/05\/My-project-1-15.png","author_info":{"display_name":"Victorien Diaz","author_link":"https:\/\/cobe.fr\/en\/author\/victorien\/"},"rbea_author_info":{"display_name":"Victorien Diaz","author_link":"https:\/\/cobe.fr\/en\/author\/victorien\/"},"rbea_excerpt_info":"CoBe loue un plateau de bureaux de 210m\u00b2 avec mezzanine de 42m\u00b2 et espaces communs partag\u00e9s de 97m\u00b2, situ\u00e9s sur la ZAC Saint-Jean Belcier \u00e0 Bordeaux, \u00e0 proximit\u00e9 de la gare Saint-Jean. Les bureaux sont situ\u00e9s au premier \u00e9tage d&rsquo;une halle construite par nos soins, donnant sur la nouvelle place des Citernes, futur centre de [&hellip;]","category_list":"<a href=\"https:\/\/cobe.fr\/en\/news\/\" rel=\"category tag\">News<\/a>","comments_num":"0 comments","_links":{"self":[{"href":"https:\/\/cobe.fr\/en\/wp-json\/wp\/v2\/posts\/10826","targetHints":{"allow":["GET"]}}],"collection":[{"href":"https:\/\/cobe.fr\/en\/wp-json\/wp\/v2\/posts"}],"about":[{"href":"https:\/\/cobe.fr\/en\/wp-json\/wp\/v2\/types\/post"}],"author":[{"embeddable":true,"href":"https:\/\/cobe.fr\/en\/wp-json\/wp\/v2\/users\/2"}],"replies":[{"embeddable":true,"href":"https:\/\/cobe.fr\/en\/wp-json\/wp\/v2\/comments?post=10826"}],"version-history":[{"count":0,"href":"https:\/\/cobe.fr\/en\/wp-json\/wp\/v2\/posts\/10826\/revisions"}],"wp:featuredmedia":[{"embeddable":true,"href":"https:\/\/cobe.fr\/en\/wp-json\/wp\/v2\/media\/10828"}],"wp:attachment":[{"href":"https:\/\/cobe.fr\/en\/wp-json\/wp\/v2\/media?parent=10826"}],"wp:term":[{"taxonomy":"category","embeddable":true,"href":"https:\/\/cobe.fr\/en\/wp-json\/wp\/v2\/categories?post=10826"},{"taxonomy":"post_tag","embeddable":true,"href":"https:\/\/cobe.fr\/en\/wp-json\/wp\/v2\/tags?post=10826"}],"curies":[{"name":"wp","href":"https:\/\/api.w.org\/{rel}","templated":true}]}}