{"id":10613,"date":"2023-03-13T14:45:18","date_gmt":"2023-03-13T13:45:18","guid":{"rendered":"https:\/\/cobe.fr\/?p=10613"},"modified":"2023-03-16T12:52:14","modified_gmt":"2023-03-16T11:52:14","slug":"cobe-and-sadev94-conference-at-mipim-2023","status":"publish","type":"post","link":"https:\/\/cobe.fr\/en\/le-15-mars-2023-cobe-sera-present-sur-le-stand-riviera-f-137\/","title":{"rendered":"CoBe and SADEV94 conference at MIPIM 2023"},"content":{"rendered":"<p class=\"has-text-align-center\">On Wednesday 15 March 2023, at MIPIM, Luc Moneger, Partner and Director of CoBe's Urban Planning and Landscape Department, and Elsa Sautter, Operations Manager at Sadev 94, spoke about our urban and landscape project for the Cachan campus.<\/p>\n\n\n\n<div style=\"height:35px\" aria-hidden=\"true\" class=\"wp-block-spacer\"><\/div>\n\n\n\n<figure class=\"wp-block-image aligncenter size-full\"><img loading=\"lazy\" decoding=\"async\" width=\"800\" height=\"534\" src=\"https:\/\/cobe.fr\/wp-content\/uploads\/2023\/03\/photo-conference-luc.jpg\" alt=\" CoBe Conference Luc Moneger MIPIM 2023\" class=\"wp-image-10624\" srcset=\"https:\/\/cobe.fr\/wp-content\/uploads\/2023\/03\/photo-conference-luc.jpg 800w, https:\/\/cobe.fr\/wp-content\/uploads\/2023\/03\/photo-conference-luc-300x200.jpg 300w, https:\/\/cobe.fr\/wp-content\/uploads\/2023\/03\/photo-conference-luc-768x513.jpg 768w, https:\/\/cobe.fr\/wp-content\/uploads\/2023\/03\/photo-conference-luc-18x12.jpg 18w, https:\/\/cobe.fr\/wp-content\/uploads\/2023\/03\/photo-conference-luc-500x334.jpg 500w\" sizes=\"auto, (max-width: 800px) 100vw, 800px\" \/><\/figure>\n\n\n\n<div style=\"height:30px\" aria-hidden=\"true\" class=\"wp-block-spacer\"><\/div>","protected":false},"excerpt":{"rendered":"<p>On Wednesday 15 March 2023, at MIPIM, Luc Moneger, Partner and Director of CoBe's Urban Planning and Landscape Department, and Elsa Sautter, Operations Manager at Sadev 94, spoke about our urban and landscape project for the Cachan campus.<\/p>","protected":false},"author":2,"featured_media":10624,"comment_status":"closed","ping_status":"open","sticky":false,"template":"","format":"standard","meta":{"_seopress_robots_primary_cat":"none","_seopress_titles_title":"","_seopress_titles_desc":"Ce mercredi 15 mars 2023, au MIPIM, Luc Moneger Associ\u00e9 Directeur du p\u00f4le Urbanisme &amp; Paysage de CoBe et Elsa Sautter Responsable d&#039;Op\u00e9rations chez Sadev 94 ont pris la parole sur notre projet urbain et paysager pour le campus de la ville de Cachan","_seopress_robots_index":"","_vp_format_video_url":"","_vp_image_focal_point":{"x":0.47,"y":0.37},"footnotes":""},"categories":[4],"tags":[],"class_list":["post-10613","post","type-post","status-publish","format-standard","has-post-thumbnail","hentry","category-news"],"blocksy_meta":{"styles_descriptor":{"styles":{"desktop":"","tablet":"","mobile":""},"google_fonts":[],"version":6}},"featured_image_src":"https:\/\/cobe.fr\/wp-content\/uploads\/2023\/03\/photo-conference-luc.jpg","featured_image_src_square":"https:\/\/cobe.fr\/wp-content\/uploads\/2023\/03\/photo-conference-luc.jpg","author_info":{"display_name":"Victorien Diaz","author_link":"https:\/\/cobe.fr\/en\/author\/victorien\/"},"rbea_author_info":{"display_name":"Victorien Diaz","author_link":"https:\/\/cobe.fr\/en\/author\/victorien\/"},"rbea_excerpt_info":"Ce mercredi 15 mars 2023, au MIPIM, Luc Moneger Associ\u00e9 Directeur du p\u00f4le Urbanisme &amp; Paysage de CoBe et Elsa Sautter Responsable d&rsquo;Op\u00e9rations chez Sadev 94 ont pris la parole sur notre projet urbain et paysager pour le campus de la ville de Cachan","category_list":"<a href=\"https:\/\/cobe.fr\/en\/news\/\" rel=\"category tag\">News<\/a>","comments_num":"0 comments","_links":{"self":[{"href":"https:\/\/cobe.fr\/en\/wp-json\/wp\/v2\/posts\/10613","targetHints":{"allow":["GET"]}}],"collection":[{"href":"https:\/\/cobe.fr\/en\/wp-json\/wp\/v2\/posts"}],"about":[{"href":"https:\/\/cobe.fr\/en\/wp-json\/wp\/v2\/types\/post"}],"author":[{"embeddable":true,"href":"https:\/\/cobe.fr\/en\/wp-json\/wp\/v2\/users\/2"}],"replies":[{"embeddable":true,"href":"https:\/\/cobe.fr\/en\/wp-json\/wp\/v2\/comments?post=10613"}],"version-history":[{"count":0,"href":"https:\/\/cobe.fr\/en\/wp-json\/wp\/v2\/posts\/10613\/revisions"}],"wp:featuredmedia":[{"embeddable":true,"href":"https:\/\/cobe.fr\/en\/wp-json\/wp\/v2\/media\/10624"}],"wp:attachment":[{"href":"https:\/\/cobe.fr\/en\/wp-json\/wp\/v2\/media?parent=10613"}],"wp:term":[{"taxonomy":"category","embeddable":true,"href":"https:\/\/cobe.fr\/en\/wp-json\/wp\/v2\/categories?post=10613"},{"taxonomy":"post_tag","embeddable":true,"href":"https:\/\/cobe.fr\/en\/wp-json\/wp\/v2\/tags?post=10613"}],"curies":[{"name":"wp","href":"https:\/\/api.w.org\/{rel}","templated":true}]}}